{"id":3812,"date":"2026-03-21T14:44:11","date_gmt":"2026-03-21T11:44:11","guid":{"rendered":"https:\/\/rkfilarmoniya.uz\/?p=3812"},"modified":"2026-04-30T14:46:09","modified_gmt":"2026-04-30T11:46:09","slug":"3812","status":"publish","type":"post","link":"https:\/\/rkfilarmoniya.uz\/?p=3812","title":{"rendered":""},"content":{"rendered":"<p><img loading=\"lazy\" decoding=\"async\" class=\"alignnone size-medium wp-image-3813\" src=\"https:\/\/rkfilarmoniya.uz\/wp-content\/uploads\/2026\/04\/photo_2026-03-21_09-44-31-300x300.jpg\" alt=\"\" width=\"300\" height=\"300\" srcset=\"https:\/\/rkfilarmoniya.uz\/wp-content\/uploads\/2026\/04\/photo_2026-03-21_09-44-31-300x300.jpg 300w, https:\/\/rkfilarmoniya.uz\/wp-content\/uploads\/2026\/04\/photo_2026-03-21_09-44-31-1022x1024.jpg 1022w, https:\/\/rkfilarmoniya.uz\/wp-content\/uploads\/2026\/04\/photo_2026-03-21_09-44-31-150x150.jpg 150w, https:\/\/rkfilarmoniya.uz\/wp-content\/uploads\/2026\/04\/photo_2026-03-21_09-44-31-768x769.jpg 768w, https:\/\/rkfilarmoniya.uz\/wp-content\/uploads\/2026\/04\/photo_2026-03-21_09-44-31-80x80.jpg 80w, https:\/\/rkfilarmoniya.uz\/wp-content\/uploads\/2026\/04\/photo_2026-03-21_09-44-31-320x320.jpg 320w, https:\/\/rkfilarmoniya.uz\/wp-content\/uploads\/2026\/04\/photo_2026-03-21_09-44-31.jpg 1179w\" sizes=\"(max-width: 300px) 100vw, 300px\" \/><\/p>\n<p>H\u00farmetli watanlaslar, q\u00e1dirli k\u00e1siplesler!<\/p>\n<p>B\u00e1rshe\u0144izdi elimizge kirip kelgen Nawr\u0131z bayram\u0131 menen q\u0131z\u01f5\u0131n qutl\u0131qlayman.<\/p>\n<p>\u00c1zelden miyrim-sh\u00e1p\u00e1\u00e1tli, miynets\u00faygish xalq\u0131m\u0131z kewline jaqs\u0131l\u0131q nurlar\u0131n tarat\u0131p at\u0131r\u01f5an bul pay\u0131zl\u0131 k\u00fande diyqanlar\u0131m\u0131z jerge jaqs\u0131l\u0131q tuq\u0131mlar\u0131n sewip, xalq\u0131m\u0131zd\u0131\u0144 d\u00e1sturxan\u0131na bereket tileydi. Milliy q\u00e1diriyatlar\u0131m\u0131z, d\u00e1st\u00farlerimiz ke\u0144nen \u00fagit-nesiyatlanad\u0131.<\/p>\n<p>G\u00fall\u00e1n xalq\u0131m\u0131z\u01f5a ja\u0144a k\u00fan, ja\u0144alan\u0131w \u00e1yyam\u0131-Nawr\u0131z m\u00fab\u00e1rek bols\u0131n. Elimiz t\u0131n\u0131sh, aspan\u0131m\u0131z ash\u0131q bols\u0131n.<\/p>\n<p>Us\u0131nday quwan\u0131shl\u0131 k\u00fanlerde xalq\u0131m\u0131z\u01f5a bayram keypiyat\u0131n inam etip, saz-s\u00e1wbeti, biyt\u00e1kirar d\u00f3retiwshiligi menen xalq\u0131m\u0131z kewline k\u00f3teri\u0144kilik ba\u01f5\u0131shlap at\u0131r\u01f5an filarmoniyam\u0131z j\u00e1m\u00e1\u00e1tine tab\u0131slar tileymen.<br \/>\nBayram\u0131\u0144\u0131z qutl\u0131 bols\u0131n!<\/p>\n<p>Aydosbek Bekpanov,<br \/>\n\u00d3zbekstan m\u00e1mleketlik filarmoniyas\u0131 Qaraqalpaqstan Respublikas\u0131 b\u00f3limi direktor\u0131<\/p>","protected":false},"excerpt":{"rendered":"<p>H\u00farmetli watanlaslar, q\u00e1dirli k\u00e1siplesler! B\u00e1rshe\u0144izdi elimizge kirip kelgen Nawr\u0131z bayram\u0131 menen q\u0131z\u01f5\u0131n qutl\u0131qlayman. \u00c1zelden miyrim-sh\u00e1p\u00e1\u00e1tli, miynets\u00faygish xalq\u0131m\u0131z kewline jaqs\u0131l\u0131q nurlar\u0131n tarat\u0131p at\u0131r\u01f5an bul pay\u0131zl\u0131 k\u00fande diyqanlar\u0131m\u0131z jerge jaqs\u0131l\u0131q tuq\u0131mlar\u0131n sewip, xalq\u0131m\u0131zd\u0131\u0144 d\u00e1sturxan\u0131na bereket tileydi.&#46;&#46;&#46;<\/p>\n","protected":false},"author":2,"featured_media":0,"comment_status":"closed","ping_status":"closed","sticky":false,"template":"","format":"standard","meta":{"footnotes":""},"categories":[1],"tags":[],"class_list":["post-3812","post","type-post","status-publish","format-standard","hentry","category-1"],"_links":{"self":[{"href":"https:\/\/rkfilarmoniya.uz\/index.php?rest_route=\/wp\/v2\/posts\/3812"}],"collection":[{"href":"https:\/\/rkfilarmoniya.uz\/index.php?rest_route=\/wp\/v2\/posts"}],"about":[{"href":"https:\/\/rkfilarmoniya.uz\/index.php?rest_route=\/wp\/v2\/types\/post"}],"author":[{"embeddable":true,"href":"https:\/\/rkfilarmoniya.uz\/index.php?rest_route=\/wp\/v2\/users\/2"}],"replies":[{"embeddable":true,"href":"https:\/\/rkfilarmoniya.uz\/index.php?rest_route=%2Fwp%2Fv2%2Fcomments&post=3812"}],"version-history":[{"count":1,"href":"https:\/\/rkfilarmoniya.uz\/index.php?rest_route=\/wp\/v2\/posts\/3812\/revisions"}],"predecessor-version":[{"id":3814,"href":"https:\/\/rkfilarmoniya.uz\/index.php?rest_route=\/wp\/v2\/posts\/3812\/revisions\/3814"}],"wp:attachment":[{"href":"https:\/\/rkfilarmoniya.uz\/index.php?rest_route=%2Fwp%2Fv2%2Fmedia&parent=3812"}],"wp:term":[{"taxonomy":"category","embeddable":true,"href":"https:\/\/rkfilarmoniya.uz\/index.php?rest_route=%2Fwp%2Fv2%2Fcategories&post=3812"},{"taxonomy":"post_tag","embeddable":true,"href":"https:\/\/rkfilarmoniya.uz\/index.php?rest_route=%2Fwp%2Fv2%2Ftags&post=3812"}],"curies":[{"name":"wp","href":"https:\/\/api.w.org\/{rel}","templated":true}]}}