{"id":3799,"date":"2026-03-15T14:34:01","date_gmt":"2026-03-15T11:34:01","guid":{"rendered":"https:\/\/rkfilarmoniya.uz\/?p=3799"},"modified":"2026-04-30T14:36:59","modified_gmt":"2026-04-30T11:36:59","slug":"shembilik","status":"publish","type":"post","link":"https:\/\/rkfilarmoniya.uz\/?p=3799","title":{"rendered":"Shembilik"},"content":{"rendered":"<p><img loading=\"lazy\" decoding=\"async\" class=\"alignnone size-medium wp-image-3800\" src=\"https:\/\/rkfilarmoniya.uz\/wp-content\/uploads\/2026\/04\/photo_2026-03-13_14-16-12-2-300x225.jpg\" alt=\"\" width=\"300\" height=\"225\" srcset=\"https:\/\/rkfilarmoniya.uz\/wp-content\/uploads\/2026\/04\/photo_2026-03-13_14-16-12-2-300x225.jpg 300w, https:\/\/rkfilarmoniya.uz\/wp-content\/uploads\/2026\/04\/photo_2026-03-13_14-16-12-2-1024x768.jpg 1024w, https:\/\/rkfilarmoniya.uz\/wp-content\/uploads\/2026\/04\/photo_2026-03-13_14-16-12-2-768x576.jpg 768w, https:\/\/rkfilarmoniya.uz\/wp-content\/uploads\/2026\/04\/photo_2026-03-13_14-16-12-2.jpg 1280w\" sizes=\"(max-width: 300px) 100vw, 300px\" \/><\/p>\n<p>Us\u0131 j\u0131ld\u0131\u0144 13-14-mart k\u00fanleri \u00d3zbekstan boylap &laquo;El abadanl\u0131\u01f5\u0131, e\u0144 d\u00e1slep m\u00e1h\u00e1lleden baslanad\u0131!&raquo; s\u00fareni ast\u0131nda\u00a0 ul\u0131wma xal\u0131ql\u0131q qay\u0131rqoml\u0131q shembilik \u00f3tkeriw k\u00fani dep belgilengen edi.<\/p>\n<p>Mine b\u00fagin \u00d3zbekstan m\u00e1mleketlik filarmoniyas\u0131 Qaraqalpaqstan Respublikas\u0131 b\u00f3limi j\u00e1m\u00e1\u00e1ti de shembilikte belsene qatnas\u0131p, m\u00e1kemeni\u0144 \u00e1tirap\u0131nda abadanlast\u0131r\u0131w jum\u0131slar\u0131n al\u0131p bard\u0131.<\/p>","protected":false},"excerpt":{"rendered":"<p>Us\u0131 j\u0131ld\u0131\u0144 13-14-mart k\u00fanleri \u00d3zbekstan boylap &laquo;El abadanl\u0131\u01f5\u0131, e\u0144 d\u00e1slep m\u00e1h\u00e1lleden baslanad\u0131!&raquo; s\u00fareni ast\u0131nda\u00a0 ul\u0131wma xal\u0131ql\u0131q qay\u0131rqoml\u0131q shembilik \u00f3tkeriw k\u00fani dep belgilengen edi. Mine b\u00fagin \u00d3zbekstan m\u00e1mleketlik filarmoniyas\u0131 Qaraqalpaqstan Respublikas\u0131 b\u00f3limi j\u00e1m\u00e1\u00e1ti de shembilikte&#46;&#46;&#46;<\/p>\n","protected":false},"author":2,"featured_media":0,"comment_status":"closed","ping_status":"closed","sticky":false,"template":"","format":"standard","meta":{"footnotes":""},"categories":[1],"tags":[],"class_list":["post-3799","post","type-post","status-publish","format-standard","hentry","category-1"],"_links":{"self":[{"href":"https:\/\/rkfilarmoniya.uz\/index.php?rest_route=\/wp\/v2\/posts\/3799"}],"collection":[{"href":"https:\/\/rkfilarmoniya.uz\/index.php?rest_route=\/wp\/v2\/posts"}],"about":[{"href":"https:\/\/rkfilarmoniya.uz\/index.php?rest_route=\/wp\/v2\/types\/post"}],"author":[{"embeddable":true,"href":"https:\/\/rkfilarmoniya.uz\/index.php?rest_route=\/wp\/v2\/users\/2"}],"replies":[{"embeddable":true,"href":"https:\/\/rkfilarmoniya.uz\/index.php?rest_route=%2Fwp%2Fv2%2Fcomments&post=3799"}],"version-history":[{"count":1,"href":"https:\/\/rkfilarmoniya.uz\/index.php?rest_route=\/wp\/v2\/posts\/3799\/revisions"}],"predecessor-version":[{"id":3801,"href":"https:\/\/rkfilarmoniya.uz\/index.php?rest_route=\/wp\/v2\/posts\/3799\/revisions\/3801"}],"wp:attachment":[{"href":"https:\/\/rkfilarmoniya.uz\/index.php?rest_route=%2Fwp%2Fv2%2Fmedia&parent=3799"}],"wp:term":[{"taxonomy":"category","embeddable":true,"href":"https:\/\/rkfilarmoniya.uz\/index.php?rest_route=%2Fwp%2Fv2%2Fcategories&post=3799"},{"taxonomy":"post_tag","embeddable":true,"href":"https:\/\/rkfilarmoniya.uz\/index.php?rest_route=%2Fwp%2Fv2%2Ftags&post=3799"}],"curies":[{"name":"wp","href":"https:\/\/api.w.org\/{rel}","templated":true}]}}