{"id":3793,"date":"2026-03-14T14:29:10","date_gmt":"2026-03-14T11:29:10","guid":{"rendered":"https:\/\/rkfilarmoniya.uz\/?p=3793"},"modified":"2026-04-30T14:32:46","modified_gmt":"2026-04-30T11:32:46","slug":"tayarliq-waqiti","status":"publish","type":"post","link":"https:\/\/rkfilarmoniya.uz\/?p=3793","title":{"rendered":"#Tayarl\u0131q waq\u0131t\u0131"},"content":{"rendered":"<p><img loading=\"lazy\" decoding=\"async\" class=\"alignnone size-medium wp-image-3794\" src=\"https:\/\/rkfilarmoniya.uz\/wp-content\/uploads\/2026\/04\/photo_2026-04-30_16-30-39-165x300.jpg\" alt=\"\" width=\"165\" height=\"300\" srcset=\"https:\/\/rkfilarmoniya.uz\/wp-content\/uploads\/2026\/04\/photo_2026-04-30_16-30-39-165x300.jpg 165w, https:\/\/rkfilarmoniya.uz\/wp-content\/uploads\/2026\/04\/photo_2026-04-30_16-30-39-565x1024.jpg 565w, https:\/\/rkfilarmoniya.uz\/wp-content\/uploads\/2026\/04\/photo_2026-04-30_16-30-39-768x1392.jpg 768w, https:\/\/rkfilarmoniya.uz\/wp-content\/uploads\/2026\/04\/photo_2026-04-30_16-30-39-847x1536.jpg 847w, https:\/\/rkfilarmoniya.uz\/wp-content\/uploads\/2026\/04\/photo_2026-04-30_16-30-39-1130x2048.jpg 1130w, https:\/\/rkfilarmoniya.uz\/wp-content\/uploads\/2026\/04\/photo_2026-04-30_16-30-39.jpg 1166w\" sizes=\"(max-width: 165px) 100vw, 165px\" \/><\/p>\n<p>Tayarl\u0131q waq\u0131t\u0131<\/p>\n<p>\u00d3zbekstan M\u00e1mleketlik filarmoniyas\u0131 Qaraqalpaqstan Respublikasi b\u00f3limini\u0144 xosh hawaz qos\u0131qsh\u0131s\u0131 Ar\u0131slanbek Asqarovt\u0131\u0144 &laquo;Tul\u0131mshaq&raquo; atl\u0131 jeke koncert keshesine tayarl\u0131q waq\u0131t\u0131.<br \/>\nB\u00e1rshe qos\u0131q s\u00fayer xalq\u0131m\u0131zd\u0131, koncertimizde k\u00fatip qalam\u0131z!!!<\/p>","protected":false},"excerpt":{"rendered":"<p>Tayarl\u0131q waq\u0131t\u0131 \u00d3zbekstan M\u00e1mleketlik filarmoniyas\u0131 Qaraqalpaqstan Respublikasi b\u00f3limini\u0144 xosh hawaz qos\u0131qsh\u0131s\u0131 Ar\u0131slanbek Asqarovt\u0131\u0144 &laquo;Tul\u0131mshaq&raquo; atl\u0131 jeke koncert keshesine tayarl\u0131q waq\u0131t\u0131. B\u00e1rshe qos\u0131q s\u00fayer xalq\u0131m\u0131zd\u0131, koncertimizde k\u00fatip qalam\u0131z!!!<\/p>\n","protected":false},"author":2,"featured_media":0,"comment_status":"closed","ping_status":"closed","sticky":false,"template":"","format":"standard","meta":{"footnotes":""},"categories":[1],"tags":[],"class_list":["post-3793","post","type-post","status-publish","format-standard","hentry","category-1"],"_links":{"self":[{"href":"https:\/\/rkfilarmoniya.uz\/index.php?rest_route=\/wp\/v2\/posts\/3793"}],"collection":[{"href":"https:\/\/rkfilarmoniya.uz\/index.php?rest_route=\/wp\/v2\/posts"}],"about":[{"href":"https:\/\/rkfilarmoniya.uz\/index.php?rest_route=\/wp\/v2\/types\/post"}],"author":[{"embeddable":true,"href":"https:\/\/rkfilarmoniya.uz\/index.php?rest_route=\/wp\/v2\/users\/2"}],"replies":[{"embeddable":true,"href":"https:\/\/rkfilarmoniya.uz\/index.php?rest_route=%2Fwp%2Fv2%2Fcomments&post=3793"}],"version-history":[{"count":1,"href":"https:\/\/rkfilarmoniya.uz\/index.php?rest_route=\/wp\/v2\/posts\/3793\/revisions"}],"predecessor-version":[{"id":3795,"href":"https:\/\/rkfilarmoniya.uz\/index.php?rest_route=\/wp\/v2\/posts\/3793\/revisions\/3795"}],"wp:attachment":[{"href":"https:\/\/rkfilarmoniya.uz\/index.php?rest_route=%2Fwp%2Fv2%2Fmedia&parent=3793"}],"wp:term":[{"taxonomy":"category","embeddable":true,"href":"https:\/\/rkfilarmoniya.uz\/index.php?rest_route=%2Fwp%2Fv2%2Fcategories&post=3793"},{"taxonomy":"post_tag","embeddable":true,"href":"https:\/\/rkfilarmoniya.uz\/index.php?rest_route=%2Fwp%2Fv2%2Ftags&post=3793"}],"curies":[{"name":"wp","href":"https:\/\/api.w.org\/{rel}","templated":true}]}}