{"id":3784,"date":"2026-03-12T14:22:34","date_gmt":"2026-03-12T11:22:34","guid":{"rendered":"https:\/\/rkfilarmoniya.uz\/?p=3784"},"modified":"2026-04-30T14:24:21","modified_gmt":"2026-04-30T11:24:21","slug":"%f0%9f%93%a3%f0%9f%93%a3diqqat-diqqat-4","status":"publish","type":"post","link":"https:\/\/rkfilarmoniya.uz\/?p=3784","title":{"rendered":"\ud83d\udce3\ud83d\udce3D\u00cdQQAT, D\u00cdQQAT!"},"content":{"rendered":"<p><img loading=\"lazy\" decoding=\"async\" class=\"alignnone size-medium wp-image-3785\" src=\"https:\/\/rkfilarmoniya.uz\/wp-content\/uploads\/2026\/04\/photo_2026-04-30_16-09-32-1-300x147.jpg\" alt=\"\" width=\"300\" height=\"147\" srcset=\"https:\/\/rkfilarmoniya.uz\/wp-content\/uploads\/2026\/04\/photo_2026-04-30_16-09-32-1-300x147.jpg 300w, https:\/\/rkfilarmoniya.uz\/wp-content\/uploads\/2026\/04\/photo_2026-04-30_16-09-32-1-1024x503.jpg 1024w, https:\/\/rkfilarmoniya.uz\/wp-content\/uploads\/2026\/04\/photo_2026-04-30_16-09-32-1-768x377.jpg 768w, https:\/\/rkfilarmoniya.uz\/wp-content\/uploads\/2026\/04\/photo_2026-04-30_16-09-32-1.jpg 1280w\" sizes=\"(max-width: 300px) 100vw, 300px\" \/><\/p>\n<p>\ud83d\udce3\ud83d\udce3D\u00cdQQAT, D\u00cdQQAT!<\/p>\n<p>\u00d3zbekstan m\u00e1mleketlik filarmoniyas\u0131 Qaraqalpaqstan Respublikas\u0131 b\u00f3limi barl\u0131q watanlaslar\u0131m\u0131zd\u0131 us\u0131 j\u0131l 26-27- mart k\u00fanleri saat 19:00 de paytaxt\u0131m\u0131zda\u01f5\u0131 Qaraqalpaqstan k\u00f3rkem \u00f3ner saray\u0131nda milliy \u0131r\u01f5aqlar\u01f5a bay, \u0131shq\u0131-muhabbat h\u00e1m pozitivke tol\u0131, estradam\u0131zda orn\u0131 b\u00f3lek xosh hawaz b\u00falbil Ar\u0131slanbek Asqarovt\u0131\u0144 &laquo;Tul\u0131mshaq&raquo; atl\u0131 jeke koncert ba\u01f5darlamas\u0131na mir\u00e1t etedi.<\/p>\n<p>\ud83c\udfbcKoncertte siz sa\u01f5\u0131n\u01f5an qos\u0131qlar janl\u0131 hawazda atqar\u0131lad\u0131.<\/p>\n<p>\ud83d\udd34Tol\u0131q ma\u01f5l\u0131wmat ush\u0131n telefonlar:<br \/>\n+998907025225<br \/>\n+998913878973<\/p>","protected":false},"excerpt":{"rendered":"<p>\ud83d\udce3\ud83d\udce3D\u00cdQQAT, D\u00cdQQAT! \u00d3zbekstan m\u00e1mleketlik filarmoniyas\u0131 Qaraqalpaqstan Respublikas\u0131 b\u00f3limi barl\u0131q watanlaslar\u0131m\u0131zd\u0131 us\u0131 j\u0131l 26-27- mart k\u00fanleri saat 19:00 de paytaxt\u0131m\u0131zda\u01f5\u0131 Qaraqalpaqstan k\u00f3rkem \u00f3ner saray\u0131nda milliy \u0131r\u01f5aqlar\u01f5a bay, \u0131shq\u0131-muhabbat h\u00e1m pozitivke tol\u0131, estradam\u0131zda orn\u0131 b\u00f3lek xosh&#46;&#46;&#46;<\/p>\n","protected":false},"author":2,"featured_media":0,"comment_status":"closed","ping_status":"closed","sticky":false,"template":"","format":"standard","meta":{"footnotes":""},"categories":[1],"tags":[],"class_list":["post-3784","post","type-post","status-publish","format-standard","hentry","category-1"],"_links":{"self":[{"href":"https:\/\/rkfilarmoniya.uz\/index.php?rest_route=\/wp\/v2\/posts\/3784"}],"collection":[{"href":"https:\/\/rkfilarmoniya.uz\/index.php?rest_route=\/wp\/v2\/posts"}],"about":[{"href":"https:\/\/rkfilarmoniya.uz\/index.php?rest_route=\/wp\/v2\/types\/post"}],"author":[{"embeddable":true,"href":"https:\/\/rkfilarmoniya.uz\/index.php?rest_route=\/wp\/v2\/users\/2"}],"replies":[{"embeddable":true,"href":"https:\/\/rkfilarmoniya.uz\/index.php?rest_route=%2Fwp%2Fv2%2Fcomments&post=3784"}],"version-history":[{"count":1,"href":"https:\/\/rkfilarmoniya.uz\/index.php?rest_route=\/wp\/v2\/posts\/3784\/revisions"}],"predecessor-version":[{"id":3786,"href":"https:\/\/rkfilarmoniya.uz\/index.php?rest_route=\/wp\/v2\/posts\/3784\/revisions\/3786"}],"wp:attachment":[{"href":"https:\/\/rkfilarmoniya.uz\/index.php?rest_route=%2Fwp%2Fv2%2Fmedia&parent=3784"}],"wp:term":[{"taxonomy":"category","embeddable":true,"href":"https:\/\/rkfilarmoniya.uz\/index.php?rest_route=%2Fwp%2Fv2%2Fcategories&post=3784"},{"taxonomy":"post_tag","embeddable":true,"href":"https:\/\/rkfilarmoniya.uz\/index.php?rest_route=%2Fwp%2Fv2%2Ftags&post=3784"}],"curies":[{"name":"wp","href":"https:\/\/api.w.org\/{rel}","templated":true}]}}