{"id":3769,"date":"2026-03-07T14:11:04","date_gmt":"2026-03-07T11:11:04","guid":{"rendered":"https:\/\/rkfilarmoniya.uz\/?p=3769"},"modified":"2026-04-30T14:13:51","modified_gmt":"2026-04-30T11:13:51","slug":"tashkent-tayarliq_barisi-3","status":"publish","type":"post","link":"https:\/\/rkfilarmoniya.uz\/?p=3769","title":{"rendered":"#Tashkent #Tayarl\u0131q_bar\u0131s\u0131"},"content":{"rendered":"<p><img loading=\"lazy\" decoding=\"async\" class=\"alignnone size-medium wp-image-3770\" src=\"https:\/\/rkfilarmoniya.uz\/wp-content\/uploads\/2026\/04\/photo_2026-04-30_16-12-32-300x181.jpg\" alt=\"\" width=\"300\" height=\"181\" srcset=\"https:\/\/rkfilarmoniya.uz\/wp-content\/uploads\/2026\/04\/photo_2026-04-30_16-12-32-300x181.jpg 300w, https:\/\/rkfilarmoniya.uz\/wp-content\/uploads\/2026\/04\/photo_2026-04-30_16-12-32-1024x616.jpg 1024w, https:\/\/rkfilarmoniya.uz\/wp-content\/uploads\/2026\/04\/photo_2026-04-30_16-12-32-768x462.jpg 768w, https:\/\/rkfilarmoniya.uz\/wp-content\/uploads\/2026\/04\/photo_2026-04-30_16-12-32.jpg 1170w\" sizes=\"(max-width: 300px) 100vw, 300px\" \/><\/p>\n<p>\ud83c\udf398-mart Xal\u0131qaral\u0131q hayal-q\u0131zlar k\u00fanine ba\u0121\u0131shlan\u0121an bayram koncertine \u00e1lleqashan tayarl\u0131q jum\u0131slar\u0131 derlik h\u00e1mme or\u0131nlarda basland\u0131.<br \/>\nBul s\u00e1ne h\u00e1r j\u0131l\u0131 Tashkent qalas\u0131nda da q\u0131z\u0121\u0131n tayarl\u0131qlar menen saltanatl\u0131 t\u00farde belgilenip kelinbekte h\u00e1m \u00e1lbette ol keshede filarmoniyam\u0131zd\u0131\u0144 bir qatar d\u00f3retiwshilik j\u00e1m\u00e1\u00e1ti b\u0131y\u0131lda ja\u0144a d\u00f3retiwshilik jum\u0131slar\u0131 menen qatnas\u0131w\u0131 k\u00fatilmekte.<\/p>\n<p>\ud83c\udf1f J\u00e1m\u00e1\u00e1timizdi\u0144 xoreografiya b\u00f3limi \u0121oshshaq jigitleri menen g\u00f3zzal q\u0131zlar\u0131 da b\u00fagingi k\u00fande Tashkent qalas\u0131nda q\u0131z\u0121\u0131n tayarl\u0131q jum\u0131slar\u0131n al\u0131p barmaqta.<\/p>","protected":false},"excerpt":{"rendered":"<p>\ud83c\udf398-mart Xal\u0131qaral\u0131q hayal-q\u0131zlar k\u00fanine ba\u0121\u0131shlan\u0121an bayram koncertine \u00e1lleqashan tayarl\u0131q jum\u0131slar\u0131 derlik h\u00e1mme or\u0131nlarda basland\u0131. Bul s\u00e1ne h\u00e1r j\u0131l\u0131 Tashkent qalas\u0131nda da q\u0131z\u0121\u0131n tayarl\u0131qlar menen saltanatl\u0131 t\u00farde belgilenip kelinbekte h\u00e1m \u00e1lbette ol keshede filarmoniyam\u0131zd\u0131\u0144 bir&#46;&#46;&#46;<\/p>\n","protected":false},"author":2,"featured_media":0,"comment_status":"closed","ping_status":"closed","sticky":false,"template":"","format":"standard","meta":{"footnotes":""},"categories":[1],"tags":[],"class_list":["post-3769","post","type-post","status-publish","format-standard","hentry","category-1"],"_links":{"self":[{"href":"https:\/\/rkfilarmoniya.uz\/index.php?rest_route=\/wp\/v2\/posts\/3769"}],"collection":[{"href":"https:\/\/rkfilarmoniya.uz\/index.php?rest_route=\/wp\/v2\/posts"}],"about":[{"href":"https:\/\/rkfilarmoniya.uz\/index.php?rest_route=\/wp\/v2\/types\/post"}],"author":[{"embeddable":true,"href":"https:\/\/rkfilarmoniya.uz\/index.php?rest_route=\/wp\/v2\/users\/2"}],"replies":[{"embeddable":true,"href":"https:\/\/rkfilarmoniya.uz\/index.php?rest_route=%2Fwp%2Fv2%2Fcomments&post=3769"}],"version-history":[{"count":1,"href":"https:\/\/rkfilarmoniya.uz\/index.php?rest_route=\/wp\/v2\/posts\/3769\/revisions"}],"predecessor-version":[{"id":3771,"href":"https:\/\/rkfilarmoniya.uz\/index.php?rest_route=\/wp\/v2\/posts\/3769\/revisions\/3771"}],"wp:attachment":[{"href":"https:\/\/rkfilarmoniya.uz\/index.php?rest_route=%2Fwp%2Fv2%2Fmedia&parent=3769"}],"wp:term":[{"taxonomy":"category","embeddable":true,"href":"https:\/\/rkfilarmoniya.uz\/index.php?rest_route=%2Fwp%2Fv2%2Fcategories&post=3769"},{"taxonomy":"post_tag","embeddable":true,"href":"https:\/\/rkfilarmoniya.uz\/index.php?rest_route=%2Fwp%2Fv2%2Ftags&post=3769"}],"curies":[{"name":"wp","href":"https:\/\/api.w.org\/{rel}","templated":true}]}}