{"id":3751,"date":"2026-03-01T13:51:41","date_gmt":"2026-03-01T10:51:41","guid":{"rendered":"https:\/\/rkfilarmoniya.uz\/?p=3751"},"modified":"2026-04-30T13:58:34","modified_gmt":"2026-04-30T10:58:34","slug":"koncert-2","status":"publish","type":"post","link":"https:\/\/rkfilarmoniya.uz\/?p=3751","title":{"rendered":"#koncert"},"content":{"rendered":"<p><img loading=\"lazy\" decoding=\"async\" class=\"alignnone size-medium wp-image-3752\" src=\"https:\/\/rkfilarmoniya.uz\/wp-content\/uploads\/2026\/04\/photo_2026-04-30_15-57-01-300x201.jpg\" alt=\"\" width=\"300\" height=\"201\" srcset=\"https:\/\/rkfilarmoniya.uz\/wp-content\/uploads\/2026\/04\/photo_2026-04-30_15-57-01-300x201.jpg 300w, https:\/\/rkfilarmoniya.uz\/wp-content\/uploads\/2026\/04\/photo_2026-04-30_15-57-01-1024x685.jpg 1024w, https:\/\/rkfilarmoniya.uz\/wp-content\/uploads\/2026\/04\/photo_2026-04-30_15-57-01-768x514.jpg 768w, https:\/\/rkfilarmoniya.uz\/wp-content\/uploads\/2026\/04\/photo_2026-04-30_15-57-01.jpg 1170w\" sizes=\"(max-width: 300px) 100vw, 300px\" \/><\/p>\n<p>B\u00e1h\u00e1rdi\u0144 d\u00e1slepki k\u00fanlerinde elimizde ja\u0144alan\u0131w h\u00e1m k\u00f3teri\u0144ki keypiyat h\u00fakim s\u00farip at\u0131r\u01f5an m\u00e1writlerde paytaxt\u0131m\u0131zda\u01f5\u0131 Qaraqalpaqstan k\u00f3rkem \u00f3ner saray\u0131nda \u00d3zbekstan Respublikas\u0131na x\u0131zmet k\u00f3rsetken, Qaraqalpaqstan xal\u0131q artisti Bazarg\u00fal Karimovan\u0131\u0144 &laquo;Sen b\u00e1h\u00e1rdi sa\u01f5\u0131nbad\u0131\u0144ba?&raquo; atamas\u0131nda\u01f5\u0131 d\u00f3retiwshilik keshe bol\u0131p \u00f3tti.<\/p>\n<p>\ud83c\udfb5Keshede \u00f3zini\u0144 biyt\u00e1kirar hawaz\u0131 menen xalq\u0131m\u0131z j\u00farek t\u00f3rinen or\u0131n al\u01f5an milliy qos\u0131qlar inam etildi<\/p>","protected":false},"excerpt":{"rendered":"<p>B\u00e1h\u00e1rdi\u0144 d\u00e1slepki k\u00fanlerinde elimizde ja\u0144alan\u0131w h\u00e1m k\u00f3teri\u0144ki keypiyat h\u00fakim s\u00farip at\u0131r\u01f5an m\u00e1writlerde paytaxt\u0131m\u0131zda\u01f5\u0131 Qaraqalpaqstan k\u00f3rkem \u00f3ner saray\u0131nda \u00d3zbekstan Respublikas\u0131na x\u0131zmet k\u00f3rsetken, Qaraqalpaqstan xal\u0131q artisti Bazarg\u00fal Karimovan\u0131\u0144 &laquo;Sen b\u00e1h\u00e1rdi sa\u01f5\u0131nbad\u0131\u0144ba?&raquo; atamas\u0131nda\u01f5\u0131 d\u00f3retiwshilik keshe bol\u0131p \u00f3tti.&#46;&#46;&#46;<\/p>\n","protected":false},"author":2,"featured_media":0,"comment_status":"closed","ping_status":"closed","sticky":false,"template":"","format":"standard","meta":{"footnotes":""},"categories":[1],"tags":[],"class_list":["post-3751","post","type-post","status-publish","format-standard","hentry","category-1"],"_links":{"self":[{"href":"https:\/\/rkfilarmoniya.uz\/index.php?rest_route=\/wp\/v2\/posts\/3751"}],"collection":[{"href":"https:\/\/rkfilarmoniya.uz\/index.php?rest_route=\/wp\/v2\/posts"}],"about":[{"href":"https:\/\/rkfilarmoniya.uz\/index.php?rest_route=\/wp\/v2\/types\/post"}],"author":[{"embeddable":true,"href":"https:\/\/rkfilarmoniya.uz\/index.php?rest_route=\/wp\/v2\/users\/2"}],"replies":[{"embeddable":true,"href":"https:\/\/rkfilarmoniya.uz\/index.php?rest_route=%2Fwp%2Fv2%2Fcomments&post=3751"}],"version-history":[{"count":1,"href":"https:\/\/rkfilarmoniya.uz\/index.php?rest_route=\/wp\/v2\/posts\/3751\/revisions"}],"predecessor-version":[{"id":3753,"href":"https:\/\/rkfilarmoniya.uz\/index.php?rest_route=\/wp\/v2\/posts\/3751\/revisions\/3753"}],"wp:attachment":[{"href":"https:\/\/rkfilarmoniya.uz\/index.php?rest_route=%2Fwp%2Fv2%2Fmedia&parent=3751"}],"wp:term":[{"taxonomy":"category","embeddable":true,"href":"https:\/\/rkfilarmoniya.uz\/index.php?rest_route=%2Fwp%2Fv2%2Fcategories&post=3751"},{"taxonomy":"post_tag","embeddable":true,"href":"https:\/\/rkfilarmoniya.uz\/index.php?rest_route=%2Fwp%2Fv2%2Ftags&post=3751"}],"curies":[{"name":"wp","href":"https:\/\/api.w.org\/{rel}","templated":true}]}}