{"id":3725,"date":"2026-02-24T15:10:28","date_gmt":"2026-02-24T12:10:28","guid":{"rendered":"https:\/\/rkfilarmoniya.uz\/?p=3725"},"modified":"2026-04-29T15:12:53","modified_gmt":"2026-04-29T12:12:53","slug":"%f0%9f%93%a3diqqat-diqqat","status":"publish","type":"post","link":"https:\/\/rkfilarmoniya.uz\/?p=3725","title":{"rendered":"\ud83d\udce3D\u0131qqat d\u0131qqat!!!"},"content":{"rendered":"<p><img loading=\"lazy\" decoding=\"async\" class=\"alignnone size-medium wp-image-3726\" src=\"https:\/\/rkfilarmoniya.uz\/wp-content\/uploads\/2026\/04\/photo_2026-02-24_12-55-24-300x300.jpg\" alt=\"\" width=\"300\" height=\"300\" srcset=\"https:\/\/rkfilarmoniya.uz\/wp-content\/uploads\/2026\/04\/photo_2026-02-24_12-55-24-300x300.jpg 300w, https:\/\/rkfilarmoniya.uz\/wp-content\/uploads\/2026\/04\/photo_2026-02-24_12-55-24-1024x1024.jpg 1024w, https:\/\/rkfilarmoniya.uz\/wp-content\/uploads\/2026\/04\/photo_2026-02-24_12-55-24-150x150.jpg 150w, https:\/\/rkfilarmoniya.uz\/wp-content\/uploads\/2026\/04\/photo_2026-02-24_12-55-24-768x768.jpg 768w, https:\/\/rkfilarmoniya.uz\/wp-content\/uploads\/2026\/04\/photo_2026-02-24_12-55-24-80x80.jpg 80w, https:\/\/rkfilarmoniya.uz\/wp-content\/uploads\/2026\/04\/photo_2026-02-24_12-55-24-320x320.jpg 320w, https:\/\/rkfilarmoniya.uz\/wp-content\/uploads\/2026\/04\/photo_2026-02-24_12-55-24.jpg 1280w\" sizes=\"(max-width: 300px) 100vw, 300px\" \/><\/p>\n<p>\ud83d\udd18Paytaxt\u0131m\u0131zda\u01f5\u0131 Qaraqalpaqstan k\u00f3rkem \u00f3ner saray\u0131nda 1-mart k\u00fani saat 15:00 de \u00d3zbekstan Respublikas\u0131na x\u0131zmet k\u00f3rsetken, Qaraqalpaqstan xal\u0131q artisti Bazarg\u00fal Karimovan\u0131\u0144 &laquo;Sen b\u00e1h\u00e1rdi sa\u01f5\u0131nbad\u0131\u0144ba?&raquo; atamas\u0131nda\u01f5\u0131 d\u00f3retiwshilik keshe bol\u0131p \u00f3tedi.<\/p>\n<p>\ud83c\udfbcKeshede \u00f3zini\u0144 biyt\u00e1kirar hawaz\u0131 menen xalq\u0131m\u0131z j\u00farek t\u00f3rinen or\u0131n al\u01f5an milliy qos\u0131qlar us\u0131n\u0131lad\u0131<\/p>\n<p>Koncertte siz sa\u01f5\u0131n\u01f5an qos\u0131qlar janl\u0131 hawaz h\u00e1m fonogramma arqal\u0131 atqar\u0131lad\u0131.<\/p>\n<p>\ud83e\udde1B\u00e1rshe \u0131qlasbentlerimizdi m\u00e1deniy dem al\u0131w\u01f5a mir\u00e1t etemiz<\/p>\n<p>\ud83d\udcdeQos\u0131msha ma\u01f5l\u0131wmat ush\u0131n telefon: +99890 702-52-25<\/p>","protected":false},"excerpt":{"rendered":"<p>\ud83d\udd18Paytaxt\u0131m\u0131zda\u01f5\u0131 Qaraqalpaqstan k\u00f3rkem \u00f3ner saray\u0131nda 1-mart k\u00fani saat 15:00 de \u00d3zbekstan Respublikas\u0131na x\u0131zmet k\u00f3rsetken, Qaraqalpaqstan xal\u0131q artisti Bazarg\u00fal Karimovan\u0131\u0144 &laquo;Sen b\u00e1h\u00e1rdi sa\u01f5\u0131nbad\u0131\u0144ba?&raquo; atamas\u0131nda\u01f5\u0131 d\u00f3retiwshilik keshe bol\u0131p \u00f3tedi. \ud83c\udfbcKeshede \u00f3zini\u0144 biyt\u00e1kirar hawaz\u0131 menen xalq\u0131m\u0131z j\u00farek&#46;&#46;&#46;<\/p>\n","protected":false},"author":2,"featured_media":3726,"comment_status":"closed","ping_status":"closed","sticky":false,"template":"","format":"standard","meta":{"footnotes":""},"categories":[1],"tags":[],"class_list":["post-3725","post","type-post","status-publish","format-standard","has-post-thumbnail","hentry","category-1"],"_links":{"self":[{"href":"https:\/\/rkfilarmoniya.uz\/index.php?rest_route=\/wp\/v2\/posts\/3725"}],"collection":[{"href":"https:\/\/rkfilarmoniya.uz\/index.php?rest_route=\/wp\/v2\/posts"}],"about":[{"href":"https:\/\/rkfilarmoniya.uz\/index.php?rest_route=\/wp\/v2\/types\/post"}],"author":[{"embeddable":true,"href":"https:\/\/rkfilarmoniya.uz\/index.php?rest_route=\/wp\/v2\/users\/2"}],"replies":[{"embeddable":true,"href":"https:\/\/rkfilarmoniya.uz\/index.php?rest_route=%2Fwp%2Fv2%2Fcomments&post=3725"}],"version-history":[{"count":1,"href":"https:\/\/rkfilarmoniya.uz\/index.php?rest_route=\/wp\/v2\/posts\/3725\/revisions"}],"predecessor-version":[{"id":3727,"href":"https:\/\/rkfilarmoniya.uz\/index.php?rest_route=\/wp\/v2\/posts\/3725\/revisions\/3727"}],"wp:featuredmedia":[{"embeddable":true,"href":"https:\/\/rkfilarmoniya.uz\/index.php?rest_route=\/wp\/v2\/media\/3726"}],"wp:attachment":[{"href":"https:\/\/rkfilarmoniya.uz\/index.php?rest_route=%2Fwp%2Fv2%2Fmedia&parent=3725"}],"wp:term":[{"taxonomy":"category","embeddable":true,"href":"https:\/\/rkfilarmoniya.uz\/index.php?rest_route=%2Fwp%2Fv2%2Fcategories&post=3725"},{"taxonomy":"post_tag","embeddable":true,"href":"https:\/\/rkfilarmoniya.uz\/index.php?rest_route=%2Fwp%2Fv2%2Ftags&post=3725"}],"curies":[{"name":"wp","href":"https:\/\/api.w.org\/{rel}","templated":true}]}}